{"id":104,"date":"2017-01-14T09:12:57","date_gmt":"2017-01-14T09:12:57","guid":{"rendered":"http:\/\/sshls.port.ac.uk\/history\/?p=104"},"modified":"2025-09-24T15:40:31","modified_gmt":"2025-09-24T14:40:31","slug":"104","status":"publish","type":"post","link":"http:\/\/history.port.ac.uk\/?p=104","title":{"rendered":"Using Oral Sources; Recovering the History of the Roma Holocaust"},"content":{"rendered":"<p><strong><a href=\"https:\/\/i0.wp.com\/history.port.ac.uk\/wp-content\/uploads\/2017\/03\/holokauszt-fegyver.jpeg\"><img data-recalc-dims=\"1\" loading=\"lazy\" decoding=\"async\" data-attachment-id=\"146\" data-permalink=\"http:\/\/history.port.ac.uk\/?attachment_id=146\" data-orig-file=\"https:\/\/i0.wp.com\/history.port.ac.uk\/wp-content\/uploads\/2017\/03\/holokauszt-fegyver.jpeg?fit=570%2C369\" data-orig-size=\"570,369\" data-comments-opened=\"1\" data-image-meta=\"{&quot;aperture&quot;:&quot;0&quot;,&quot;credit&quot;:&quot;&quot;,&quot;camera&quot;:&quot;&quot;,&quot;caption&quot;:&quot;&quot;,&quot;created_timestamp&quot;:&quot;0&quot;,&quot;copyright&quot;:&quot;&quot;,&quot;focal_length&quot;:&quot;0&quot;,&quot;iso&quot;:&quot;0&quot;,&quot;shutter_speed&quot;:&quot;0&quot;,&quot;title&quot;:&quot;&quot;,&quot;orientation&quot;:&quot;0&quot;}\" data-image-title=\"Warsaw Ghetto Uprising\" data-image-description=\"&lt;p&gt;By Unknown (Franz Konrad confessed to taking some of the photographs, the rest was probably taken by photographers from Propaganda Kompanie nr 689.[3][4]) J\u00fcrgen Stroop (http:\/\/research.archives.gov\/description\/6003996) [Public domain, Public domain or Public domain], via Wikimedia Commons&lt;\/p&gt;\n\" data-image-caption=\"&lt;p&gt;By Unknown (Franz Konrad confessed to taking some of the photographs, the rest was probably taken by photographers from Propaganda Kompanie nr 689.[3][4]) J\u00fcrgen Stroop (http:\/\/research.archives.gov\/description\/6003996) [Public domain, Public domain or Public domain], via Wikimedia Commons&lt;\/p&gt;\n\" data-large-file=\"https:\/\/i0.wp.com\/history.port.ac.uk\/wp-content\/uploads\/2017\/03\/holokauszt-fegyver.jpeg?fit=570%2C369\" class=\"size-medium wp-image-146 alignleft\" src=\"https:\/\/i0.wp.com\/history.port.ac.uk\/wp-content\/uploads\/2017\/03\/holokauszt-fegyver.jpeg?resize=300%2C194\" alt=\"\" width=\"300\" height=\"194\" srcset=\"https:\/\/i0.wp.com\/history.port.ac.uk\/wp-content\/uploads\/2017\/03\/holokauszt-fegyver.jpeg?resize=300%2C194 300w, https:\/\/i0.wp.com\/history.port.ac.uk\/wp-content\/uploads\/2017\/03\/holokauszt-fegyver.jpeg?w=570 570w\" sizes=\"auto, (max-width: 300px) 100vw, 300px\" \/><\/a>Aron Fridvalszky, second year history student at Portsmouth, wrote the following article on the Hungarian Roma holocaust for the Introduction to Historical Research Module.\u00a0 The module is coordinated by Dr Jessica Moody, Lecturer in Modern History and Heritage at Portsmouth. <\/strong><\/p>\n<p><strong>Using Oral Sources: Recovering the history of the Hungarian Roma Holocaust<\/strong><\/p>\n<p>In a speech in 2014, the Minister of Human Capacities of Hungary, Zolt\u00e1n Balog claimed that none of the Romany people were deported from Hungary during the Holocaust [1]. Challenging this, the Hungarian Roma Press Centre published extracts from six interviews with Gipsy Holocaust survivors, citing these from a book, <a href=\"http:\/\/romasajtokozpont.hu\/wp-content\/uploads\/2014\/02\/ROMA-Holocaust.pdf\" target=\"_blank\" rel=\"noopener noreferrer\"><em>Porrajmos<\/em><\/a><em>, <\/em>which includes recollections of the survivors. In addition to the tangible function of the interviews to repudiate such immensely flippant allegations as Balog\u2019s, they represent valuable data for oral historians. Considering the Roma Holocaust, an event of which official data and records could either be destroyed or blurred by the Hungarian and German authorities of the regime, the participants\u2019 oral testimonies can be extremely useful in researching the topic.<\/p>\n<p>The methodology of oral history has opened up new perspectives, especially from the viewpoints of groups who were traditionally ignored by the conventional discipline. However, critics have argued that since oral testimonies, as primary sources, rely on memory, they are not trust-worthy origin of information. Other historians objected to the strong subjectivity of the recollections, which, according to them, is substandard compared to the fetishized neutrality of written official sources. [2]. However, memory lies in the centre of interest within the oral history field. As Portelli argues, memory is \u201cnot a passive depository of facts, but an active process of creation of meanings.\u201d [3] Lynn Abrams similarly clarifies that a memory is not a simple calling back of past processes and events, it\u2019s rather remembering: recalling stories, pictures, experiences, the analysing of these and arranging them in a narrative. In other words, memories are \u201cnot pure, they are contingent.\u201d [4]<\/p>\n<p>When Michael Stewart was gathering information during the 1980s for his fieldwork in Hungary on Roma memory of the Holocaust, he found that many horrifying memories of the survivors were compressed into images, which had mostly been kept buried in their remembrance throughout the years after the Second World War. His impression of the recollections was that these shattered memories, although illuminated occasionally, lacked a gradual narrative of remembering. [5] In the extracted interviews, we can also observe shared, recurrent images of fragmented memory: the women, mostly because they were young at that certain moment, can recall dynamic, but individual images of the process of them being taken, the journey in the cattle wagon or the camp in Kom\u00e1rom. The mention of Kom\u00e1rom is particularly important, because according to Szabolcs Szita, who has researched the labour camp there, there are no official records surviving about the internment camp, ergo our most valuable sources are the testimonies of those who were there. [6]<\/p>\n<p>It is important to acknowledge that memory, which emerges during an interview, tells the oral historian about not only the individual but the larger social sphere of the person as well: their community, or nation. Memories are produced within a wider social context, thus we can see them as socially shared experiences; they are part of a common remembrance. [7] Paul Thompson argues that the information which the interview evidence gives us is filtered through social expectations. According to Thompson, the evidence of relatively close or present events is situated between the factual behaviour and the social norms of the present time. However, if the oral historian wants to gather information about an event further back in time, there is a possibility that the evidence is distorted, because of the changes in norms and values during the time span. [8] It was interesting to see in Stewart\u2019s work, how he put the emphasis on the lack of a shared remembrance among the Romany people about the Holocaust, due largely to the Hungarian socio-sphere. In his summary of Gypsy folk heritage of the Holocaust, K\u00e1roly Bari points out how <em>Lager songs <\/em>about the concentration camps, of which formula was adapted from the traditional Romany <em>dirge,<\/em> miss detailed elements like the tortures, as if memories were compressed into an amorphous lyrical form of bitterness. Bari argues that, besides the fact that the sufferings of the survivors were indescribable, the passages transformed from the dirges to the Lager songs had a function of depicting inexpressible feelings of pain \u201cin such a way as to make them acceptable to the conventions of the community.\u201d [9] This also shows that an oral historian should take communal filters into account when analysing an oral source.<\/p>\n<p>In a country like Hungary, which still tends to gloss over its active contribution to a mass genocide in relatively recent history, or even partly deny it, as it we can see it in Balog\u2019s statement, these oral testimonies have a vital importance not only for the oral historians, but to help remembering for the wider social scope.<\/p>\n<p><u>Further Information<\/u><\/p>\n<p>For more information, see <em>Pharrajimos<\/em>, edited by \u00c1gnes Dar\u00f3czi and J\u00e1nos B\u00e1rsony. It\u2019s a remarkable collection of essays about the Roma Holocaust in Hungary, the articles provide information on different aspects of the topic and it also contains interviews with the survivors. If you are planning to visit Budapest and are interested in remembrance, you might want to visit the Roma Holocaust Museum. The museum itself is a valuable source of information and it also offers permanent as well as seasonal exhibitions.<\/p>\n<p><strong>Aron Fridvalszky<\/strong> is a second year History student at the University of Portsmouth<\/p>\n<p>References<\/p>\n<p>[1] See <a href=\"http:\/\/nol.hu\/belfold\/balog-ilyen-meg-egyszer-nem-tortenhet-meg-1477905\" target=\"_blank\" rel=\"noopener noreferrer\">http:\/\/nol.hu\/belfold\/balog-ilyen-meg-egyszer-nem-tortenhet-meg-1477905<\/a>; interview with Balog here <a href=\"http:\/\/nava.hu\/id\/1971370\" target=\"_blank\" rel=\"noopener noreferrer\">http:\/\/nava.hu\/id\/1971370<\/a><\/p>\n<p>[2] Lynn Abrams. <em>Oral History Theory. <\/em>Routledge, 2010 p. 5<\/p>\n<p>[3] A. Portelli. \u2018What Makes Oral History Different?\u2019 in A. Portelli. <em>The Death of Luigi Trastulli and Other Stories: Form and Meaning in Oral History. <\/em>New York: State University of New York Press, 1991 p. 52<\/p>\n<p>[4] Abrams. <em>Oral History Theory. <\/em>p. 79<\/p>\n<p>[5] Michael Stewart. \u2018Remembering without Commemoration: The Mnemonics and Politics of Holocaust Memories among European Roma\u2019 in <em>The Journal of Anthropological Institute, <\/em>vol. 10, issue 3. 2004 p. 564<\/p>\n<p>[6] Szabolcs Szita. \u2019One of the Roma Killing Fields: Kom\u00e1romi Csillager\u0151d, Autumn 1944\u2019 in <em>Pharrajimos: The Fate of the Roma During the Holocaust, <\/em>ed. by J\u00e1nos B\u00e1rsony, \u00c1gnes Dar\u00f3czi. International Debate Education Association, 2007 p. 102<\/p>\n<p>[7] K. Plummer. <em>Documents of Life 2: An Invitation to Critical Humanism. <\/em>London, 2001 p. 235<\/p>\n<p>[8] P. Thompson. <em>The Voice of the Past. <\/em>Oxford, 2000 p. 128<\/p>\n<p>[9] K\u00e1roly Bari. \u2018The Holocaust in Gypsy Folk Poetry\u2019 in <em>Pharrajimos: The Fate of the Roma During the Holocaust. <\/em>ed. by J\u00e1nos B\u00e1rsony, \u00c1gnes Dar\u00f3czi. International Debate Education Association, 2007 p. 118<\/p>\n","protected":false},"excerpt":{"rendered":"<p>Aron Fridvalszky, second year history student at Portsmouth, wrote the following article on the Hungarian Roma holocaust for the Introduction to Historical Research Module.\u00a0 The module is coordinated by Dr Jessica Moody, Lecturer in Modern History and Heritage at Portsmouth. Using Oral Sources: Recovering the history of the Hungarian Roma Holocaust In a speech in 2014, the Minister of Human Capacities of Hungary, Zolt\u00e1n Balog claimed that none of the Romany people were deported from Hungary during the Holocaust [1]. Challenging this, the Hungarian Roma Press Centre published extracts from six interviews with Gipsy Holocaust survivors, citing these from a book, Porrajmos, which includes recollections of the survivors. In addition [&hellip;]<\/p>\n","protected":false},"author":22,"featured_media":149,"comment_status":"open","ping_status":"open","sticky":false,"template":"","format":"standard","meta":{"jetpack_post_was_ever_published":false,"_jetpack_newsletter_access":"","_jetpack_dont_email_post_to_subs":false,"_jetpack_newsletter_tier_id":0,"_jetpack_memberships_contains_paywalled_content":false,"_jetpack_memberships_contains_paid_content":false,"footnotes":"","jetpack_publicize_message":"","jetpack_publicize_feature_enabled":true,"jetpack_social_post_already_shared":false,"jetpack_social_options":{"image_generator_settings":{"template":"highway","default_image_id":0,"font":"","enabled":false},"version":2}},"categories":[5],"tags":[],"class_list":["post-104","post","type-post","status-publish","format-standard","has-post-thumbnail","hentry","category-learning_in_focus"],"jetpack_publicize_connections":[],"jetpack_featured_media_url":"https:\/\/i0.wp.com\/history.port.ac.uk\/wp-content\/uploads\/2017\/03\/holokauszt-fegyver2.png?fit=620%2C300","jetpack_sharing_enabled":true,"jetpack_shortlink":"https:\/\/wp.me\/s91PlX-104","jetpack-related-posts":[],"_links":{"self":[{"href":"http:\/\/history.port.ac.uk\/index.php?rest_route=\/wp\/v2\/posts\/104","targetHints":{"allow":["GET"]}}],"collection":[{"href":"http:\/\/history.port.ac.uk\/index.php?rest_route=\/wp\/v2\/posts"}],"about":[{"href":"http:\/\/history.port.ac.uk\/index.php?rest_route=\/wp\/v2\/types\/post"}],"author":[{"embeddable":true,"href":"http:\/\/history.port.ac.uk\/index.php?rest_route=\/wp\/v2\/users\/22"}],"replies":[{"embeddable":true,"href":"http:\/\/history.port.ac.uk\/index.php?rest_route=%2Fwp%2Fv2%2Fcomments&post=104"}],"version-history":[{"count":9,"href":"http:\/\/history.port.ac.uk\/index.php?rest_route=\/wp\/v2\/posts\/104\/revisions"}],"predecessor-version":[{"id":176,"href":"http:\/\/history.port.ac.uk\/index.php?rest_route=\/wp\/v2\/posts\/104\/revisions\/176"}],"wp:featuredmedia":[{"embeddable":true,"href":"http:\/\/history.port.ac.uk\/index.php?rest_route=\/wp\/v2\/media\/149"}],"wp:attachment":[{"href":"http:\/\/history.port.ac.uk\/index.php?rest_route=%2Fwp%2Fv2%2Fmedia&parent=104"}],"wp:term":[{"taxonomy":"category","embeddable":true,"href":"http:\/\/history.port.ac.uk\/index.php?rest_route=%2Fwp%2Fv2%2Fcategories&post=104"},{"taxonomy":"post_tag","embeddable":true,"href":"http:\/\/history.port.ac.uk\/index.php?rest_route=%2Fwp%2Fv2%2Ftags&post=104"}],"curies":[{"name":"wp","href":"https:\/\/api.w.org\/{rel}","templated":true}]}}